{"id":7306,"date":"2023-10-30T17:01:46","date_gmt":"2023-10-30T21:01:46","guid":{"rendered":"https:\/\/fetedulacdesnations.com\/?p=7306"},"modified":"2023-10-30T17:01:46","modified_gmt":"2023-10-30T21:01:46","slug":"fete-du-lac-des-nations-wins-major-award-at-les-vivats-gala","status":"publish","type":"post","link":"https:\/\/fetedulacdesnations.com\/en\/fete-du-lac-des-nations-wins-major-award-at-les-vivats-gala\/","title":{"rendered":"F\u00eate du Lac des Nations Promutuel Assurance wins major award at Les Vivats gala in Montreal"},"content":{"rendered":"<p><strong>Sherbrooke, Monday, October 30, 2023<\/strong> &#8211; The F\u00eate du Lac des Nations Promutuel Assurance organization is extremely proud to have won the RECYC-QU\u00c9BEC Residual Materials Management Award at the Les VIVATS Gala, celebrating responsible events, held on Thursday, October 26. The non-profit organization was also one of the finalists for the Social Commitment Award, presented by Loto-Qu\u00e9bec.<\/p>\n<p>&#8220;This is great recognition! All our efforts over the past few years have paid off. Everyone contributed to making the event greener, including volunteers, partners and festival-goers, and this award goes to all of them,&#8221; says Cindy Trottier, General Manager of the F\u00eate du Lac des Nations Promutuel Assurance, presented by Loto-Qu\u00e9bec.<\/p>\n<p>This year&#8217;s event generated 607 kg less residual materials than last year, with over 20,000 additional festival-goers. This statistic shows that the sustained efforts have been conclusive. Initiatives for 2023 include :<\/p>\n<ul>\n<li>the introduction of a FREE electric shuttle service and a reduced bus fare of $1, in collaboration with the Sherbrooke Transportation Society (STS);<\/li>\n<li>the replacement of disposable glasses with reusable ones, in collaboration with the SAQ;<\/li>\n<li>improved multi-material recycling stations, in collaboration with the City of Sherbrooke, Consignaction and \u00c9virum;<\/li>\n<li>improved waste sorting, thanks to the Festivals et \u00c9v\u00e9nements Verts de l&#8217;Estrie (FEVE) team;<\/li>\n<li>the post-event lake clean-up ;<\/li>\n<li>and the SOYEZ \u00c9COFESTIFS awareness campaign.<\/li>\n<\/ul>\n","protected":false},"excerpt":{"rendered":"<p>  [&#8230;]<\/p>\n","protected":false},"author":4,"featured_media":7305,"comment_status":"closed","ping_status":"closed","sticky":false,"template":"","format":"standard","meta":{"_acf_changed":false,"footnotes":""},"categories":[45],"tags":[],"class_list":["post-7306","post","type-post","status-publish","format-standard","has-post-thumbnail","hentry","category-communiques-en"],"acf":[],"yoast_head":"<!-- This site is optimized with the Yoast SEO plugin v27.1.1 - https:\/\/yoast.com\/product\/yoast-seo-wordpress\/ -->\n<title>F\u00eate du Lac des Nations Promutuel Assurance wins major award at Les Vivats gala in Montreal - F\u00eate du Lac des Nations Promutuel Assurance<\/title>\n<meta name=\"description\" content=\"F\u00eate du Lac des Nations Promutuel Assurance wins major award at Les Vivats gala in Montreal - Communiqu\u00e9s\" \/>\n<meta name=\"robots\" content=\"index, follow, max-snippet:-1, max-image-preview:large, max-video-preview:-1\" \/>\n<link rel=\"canonical\" href=\"https:\/\/fetedulacdesnations.com\/en\/fete-du-lac-des-nations-wins-major-award-at-les-vivats-gala\/\" \/>\n<meta property=\"og:locale\" content=\"en_US\" \/>\n<meta property=\"og:type\" content=\"article\" \/>\n<meta property=\"og:title\" content=\"F\u00eate du Lac des Nations Promutuel Assurance wins major award at Les Vivats gala in Montreal - F\u00eate du Lac des Nations Promutuel Assurance\" \/>\n<meta property=\"og:description\" content=\"F\u00eate du Lac des Nations Promutuel Assurance wins major award at Les Vivats gala in Montreal - Communiqu\u00e9s\" \/>\n<meta property=\"og:url\" content=\"https:\/\/fetedulacdesnations.com\/en\/fete-du-lac-des-nations-wins-major-award-at-les-vivats-gala\/\" \/>\n<meta property=\"og:site_name\" content=\"F\u00eate du Lac des Nations Promutuel Assurance\" \/>\n<meta property=\"article:publisher\" content=\"https:\/\/www.facebook.com\/fetedulacdesnations\" \/>\n<meta property=\"article:published_time\" content=\"2023-10-30T21:01:46+00:00\" \/>\n<meta property=\"og:image\" content=\"https:\/\/fetedulacdesnations.com\/wp-content\/uploads\/2023\/10\/Design-sans-titre-12-1024x683.png\" \/>\n\t<meta property=\"og:image:width\" content=\"1024\" \/>\n\t<meta property=\"og:image:height\" content=\"683\" \/>\n\t<meta property=\"og:image:type\" content=\"image\/png\" \/>\n<meta name=\"author\" content=\"FeteLacNations\" \/>\n<meta name=\"twitter:card\" content=\"summary_large_image\" \/>\n<script type=\"application\/ld+json\" class=\"yoast-schema-graph\">{\"@context\":\"https:\/\/schema.org\",\"@graph\":[{\"@type\":\"Article\",\"@id\":\"https:\/\/fetedulacdesnations.com\/en\/fete-du-lac-des-nations-wins-major-award-at-les-vivats-gala\/#article\",\"isPartOf\":{\"@id\":\"https:\/\/fetedulacdesnations.com\/en\/fete-du-lac-des-nations-wins-major-award-at-les-vivats-gala\/\"},\"author\":{\"name\":\"FeteLacNations\",\"@id\":\"https:\/\/fetedulacdesnations.com\/#\/schema\/person\/573cbbd1d35943a6397048df947b35d3\"},\"headline\":\"F\u00eate du Lac des Nations Promutuel Assurance wins major award at Les Vivats gala in Montreal\",\"datePublished\":\"2023-10-30T21:01:46+00:00\",\"mainEntityOfPage\":{\"@id\":\"https:\/\/fetedulacdesnations.com\/en\/fete-du-lac-des-nations-wins-major-award-at-les-vivats-gala\/\"},\"wordCount\":232,\"publisher\":{\"@id\":\"https:\/\/fetedulacdesnations.com\/#organization\"},\"image\":{\"@id\":\"https:\/\/fetedulacdesnations.com\/en\/fete-du-lac-des-nations-wins-major-award-at-les-vivats-gala\/#primaryimage\"},\"thumbnailUrl\":\"https:\/\/fetedulacdesnations.com\/wp-content\/uploads\/2023\/10\/Design-sans-titre-12.png\",\"articleSection\":[\"Communiqu\u00e9s\"],\"inLanguage\":\"en-US\"},{\"@type\":\"WebPage\",\"@id\":\"https:\/\/fetedulacdesnations.com\/en\/fete-du-lac-des-nations-wins-major-award-at-les-vivats-gala\/\",\"url\":\"https:\/\/fetedulacdesnations.com\/en\/fete-du-lac-des-nations-wins-major-award-at-les-vivats-gala\/\",\"name\":\"F\u00eate du Lac des Nations Promutuel Assurance wins major award at Les Vivats gala in Montreal - F\u00eate du Lac des Nations Promutuel Assurance\",\"isPartOf\":{\"@id\":\"https:\/\/fetedulacdesnations.com\/#website\"},\"primaryImageOfPage\":{\"@id\":\"https:\/\/fetedulacdesnations.com\/en\/fete-du-lac-des-nations-wins-major-award-at-les-vivats-gala\/#primaryimage\"},\"image\":{\"@id\":\"https:\/\/fetedulacdesnations.com\/en\/fete-du-lac-des-nations-wins-major-award-at-les-vivats-gala\/#primaryimage\"},\"thumbnailUrl\":\"https:\/\/fetedulacdesnations.com\/wp-content\/uploads\/2023\/10\/Design-sans-titre-12.png\",\"datePublished\":\"2023-10-30T21:01:46+00:00\",\"description\":\"F\u00eate du Lac des Nations Promutuel Assurance wins major award at Les Vivats gala in Montreal - Communiqu\u00e9s\",\"breadcrumb\":{\"@id\":\"https:\/\/fetedulacdesnations.com\/en\/fete-du-lac-des-nations-wins-major-award-at-les-vivats-gala\/#breadcrumb\"},\"inLanguage\":\"en-US\",\"potentialAction\":[{\"@type\":\"ReadAction\",\"target\":[\"https:\/\/fetedulacdesnations.com\/en\/fete-du-lac-des-nations-wins-major-award-at-les-vivats-gala\/\"]}]},{\"@type\":\"ImageObject\",\"inLanguage\":\"en-US\",\"@id\":\"https:\/\/fetedulacdesnations.com\/en\/fete-du-lac-des-nations-wins-major-award-at-les-vivats-gala\/#primaryimage\",\"url\":\"https:\/\/fetedulacdesnations.com\/wp-content\/uploads\/2023\/10\/Design-sans-titre-12.png\",\"contentUrl\":\"https:\/\/fetedulacdesnations.com\/wp-content\/uploads\/2023\/10\/Design-sans-titre-12.png\",\"width\":1920,\"height\":1280},{\"@type\":\"BreadcrumbList\",\"@id\":\"https:\/\/fetedulacdesnations.com\/en\/fete-du-lac-des-nations-wins-major-award-at-les-vivats-gala\/#breadcrumb\",\"itemListElement\":[{\"@type\":\"ListItem\",\"position\":1,\"name\":\"Accueil\",\"item\":\"https:\/\/fetedulacdesnations.com\/en\/la-fete-du-lac-des-nations-promutuel-assurance-festival-de-musique-et-de-feux-dartifice-a-sherbrooke\/\"},{\"@type\":\"ListItem\",\"position\":2,\"name\":\"F\u00eate du Lac des Nations Promutuel Assurance wins major award at Les Vivats gala in Montreal\"}]},{\"@type\":\"WebSite\",\"@id\":\"https:\/\/fetedulacdesnations.com\/#website\",\"url\":\"https:\/\/fetedulacdesnations.com\/\",\"name\":\"F\u00eate du Lac des Nations Promutuel Assurance\",\"description\":\"Festival de musique et feux d&#039;artifices \u00e0 Sherbrooke, en Estrie\",\"publisher\":{\"@id\":\"https:\/\/fetedulacdesnations.com\/#organization\"},\"alternateName\":\"FLN\",\"potentialAction\":[{\"@type\":\"SearchAction\",\"target\":{\"@type\":\"EntryPoint\",\"urlTemplate\":\"https:\/\/fetedulacdesnations.com\/?s={search_term_string}\"},\"query-input\":{\"@type\":\"PropertyValueSpecification\",\"valueRequired\":true,\"valueName\":\"search_term_string\"}}],\"inLanguage\":\"en-US\"},{\"@type\":\"Organization\",\"@id\":\"https:\/\/fetedulacdesnations.com\/#organization\",\"name\":\"F\u00eate du Lac des Nations Promutuel Assurance\",\"alternateName\":\"FLN\",\"url\":\"https:\/\/fetedulacdesnations.com\/\",\"logo\":{\"@type\":\"ImageObject\",\"inLanguage\":\"en-US\",\"@id\":\"https:\/\/fetedulacdesnations.com\/#\/schema\/logo\/image\/\",\"url\":\"https:\/\/fetedulacdesnations.com\/wp-content\/uploads\/2023\/03\/logo-FLN2023-sticky.svg\",\"contentUrl\":\"https:\/\/fetedulacdesnations.com\/wp-content\/uploads\/2023\/03\/logo-FLN2023-sticky.svg\",\"width\":341,\"height\":290,\"caption\":\"F\u00eate du Lac des Nations Promutuel Assurance\"},\"image\":{\"@id\":\"https:\/\/fetedulacdesnations.com\/#\/schema\/logo\/image\/\"},\"sameAs\":[\"https:\/\/www.facebook.com\/fetedulacdesnations\",\"https:\/\/www.instagram.com\/fetedulacdesnations\/?hl=fr\",\"https:\/\/www.linkedin.com\/company\/fetedulacdesnations\/\"]},{\"@type\":\"Person\",\"@id\":\"https:\/\/fetedulacdesnations.com\/#\/schema\/person\/573cbbd1d35943a6397048df947b35d3\",\"name\":\"FeteLacNations\",\"image\":{\"@type\":\"ImageObject\",\"inLanguage\":\"en-US\",\"@id\":\"https:\/\/fetedulacdesnations.com\/#\/schema\/person\/image\/\",\"url\":\"https:\/\/secure.gravatar.com\/avatar\/55d771a51c6d29c10763ae427e0d3f5c8355ba3d3eb0ba62a2374c5ea6256c04?s=96&d=mm&r=g\",\"contentUrl\":\"https:\/\/secure.gravatar.com\/avatar\/55d771a51c6d29c10763ae427e0d3f5c8355ba3d3eb0ba62a2374c5ea6256c04?s=96&d=mm&r=g\",\"caption\":\"FeteLacNations\"}}]}<\/script>\n<!-- \/ Yoast SEO plugin. -->","yoast_head_json":{"title":"F\u00eate du Lac des Nations Promutuel Assurance wins major award at Les Vivats gala in Montreal - F\u00eate du Lac des Nations Promutuel Assurance","description":"F\u00eate du Lac des Nations Promutuel Assurance wins major award at Les Vivats gala in Montreal - Communiqu\u00e9s","robots":{"index":"index","follow":"follow","max-snippet":"max-snippet:-1","max-image-preview":"max-image-preview:large","max-video-preview":"max-video-preview:-1"},"canonical":"https:\/\/fetedulacdesnations.com\/en\/fete-du-lac-des-nations-wins-major-award-at-les-vivats-gala\/","og_locale":"en_US","og_type":"article","og_title":"F\u00eate du Lac des Nations Promutuel Assurance wins major award at Les Vivats gala in Montreal - F\u00eate du Lac des Nations Promutuel Assurance","og_description":"F\u00eate du Lac des Nations Promutuel Assurance wins major award at Les Vivats gala in Montreal - Communiqu\u00e9s","og_url":"https:\/\/fetedulacdesnations.com\/en\/fete-du-lac-des-nations-wins-major-award-at-les-vivats-gala\/","og_site_name":"F\u00eate du Lac des Nations Promutuel Assurance","article_publisher":"https:\/\/www.facebook.com\/fetedulacdesnations","article_published_time":"2023-10-30T21:01:46+00:00","og_image":[{"width":1024,"height":683,"url":"https:\/\/fetedulacdesnations.com\/wp-content\/uploads\/2023\/10\/Design-sans-titre-12-1024x683.png","type":"image\/png"}],"author":"FeteLacNations","twitter_card":"summary_large_image","schema":{"@context":"https:\/\/schema.org","@graph":[{"@type":"Article","@id":"https:\/\/fetedulacdesnations.com\/en\/fete-du-lac-des-nations-wins-major-award-at-les-vivats-gala\/#article","isPartOf":{"@id":"https:\/\/fetedulacdesnations.com\/en\/fete-du-lac-des-nations-wins-major-award-at-les-vivats-gala\/"},"author":{"name":"FeteLacNations","@id":"https:\/\/fetedulacdesnations.com\/#\/schema\/person\/573cbbd1d35943a6397048df947b35d3"},"headline":"F\u00eate du Lac des Nations Promutuel Assurance wins major award at Les Vivats gala in Montreal","datePublished":"2023-10-30T21:01:46+00:00","mainEntityOfPage":{"@id":"https:\/\/fetedulacdesnations.com\/en\/fete-du-lac-des-nations-wins-major-award-at-les-vivats-gala\/"},"wordCount":232,"publisher":{"@id":"https:\/\/fetedulacdesnations.com\/#organization"},"image":{"@id":"https:\/\/fetedulacdesnations.com\/en\/fete-du-lac-des-nations-wins-major-award-at-les-vivats-gala\/#primaryimage"},"thumbnailUrl":"https:\/\/fetedulacdesnations.com\/wp-content\/uploads\/2023\/10\/Design-sans-titre-12.png","articleSection":["Communiqu\u00e9s"],"inLanguage":"en-US"},{"@type":"WebPage","@id":"https:\/\/fetedulacdesnations.com\/en\/fete-du-lac-des-nations-wins-major-award-at-les-vivats-gala\/","url":"https:\/\/fetedulacdesnations.com\/en\/fete-du-lac-des-nations-wins-major-award-at-les-vivats-gala\/","name":"F\u00eate du Lac des Nations Promutuel Assurance wins major award at Les Vivats gala in Montreal - F\u00eate du Lac des Nations Promutuel Assurance","isPartOf":{"@id":"https:\/\/fetedulacdesnations.com\/#website"},"primaryImageOfPage":{"@id":"https:\/\/fetedulacdesnations.com\/en\/fete-du-lac-des-nations-wins-major-award-at-les-vivats-gala\/#primaryimage"},"image":{"@id":"https:\/\/fetedulacdesnations.com\/en\/fete-du-lac-des-nations-wins-major-award-at-les-vivats-gala\/#primaryimage"},"thumbnailUrl":"https:\/\/fetedulacdesnations.com\/wp-content\/uploads\/2023\/10\/Design-sans-titre-12.png","datePublished":"2023-10-30T21:01:46+00:00","description":"F\u00eate du Lac des Nations Promutuel Assurance wins major award at Les Vivats gala in Montreal - Communiqu\u00e9s","breadcrumb":{"@id":"https:\/\/fetedulacdesnations.com\/en\/fete-du-lac-des-nations-wins-major-award-at-les-vivats-gala\/#breadcrumb"},"inLanguage":"en-US","potentialAction":[{"@type":"ReadAction","target":["https:\/\/fetedulacdesnations.com\/en\/fete-du-lac-des-nations-wins-major-award-at-les-vivats-gala\/"]}]},{"@type":"ImageObject","inLanguage":"en-US","@id":"https:\/\/fetedulacdesnations.com\/en\/fete-du-lac-des-nations-wins-major-award-at-les-vivats-gala\/#primaryimage","url":"https:\/\/fetedulacdesnations.com\/wp-content\/uploads\/2023\/10\/Design-sans-titre-12.png","contentUrl":"https:\/\/fetedulacdesnations.com\/wp-content\/uploads\/2023\/10\/Design-sans-titre-12.png","width":1920,"height":1280},{"@type":"BreadcrumbList","@id":"https:\/\/fetedulacdesnations.com\/en\/fete-du-lac-des-nations-wins-major-award-at-les-vivats-gala\/#breadcrumb","itemListElement":[{"@type":"ListItem","position":1,"name":"Accueil","item":"https:\/\/fetedulacdesnations.com\/en\/la-fete-du-lac-des-nations-promutuel-assurance-festival-de-musique-et-de-feux-dartifice-a-sherbrooke\/"},{"@type":"ListItem","position":2,"name":"F\u00eate du Lac des Nations Promutuel Assurance wins major award at Les Vivats gala in Montreal"}]},{"@type":"WebSite","@id":"https:\/\/fetedulacdesnations.com\/#website","url":"https:\/\/fetedulacdesnations.com\/","name":"F\u00eate du Lac des Nations Promutuel Assurance","description":"Festival de musique et feux d&#039;artifices \u00e0 Sherbrooke, en Estrie","publisher":{"@id":"https:\/\/fetedulacdesnations.com\/#organization"},"alternateName":"FLN","potentialAction":[{"@type":"SearchAction","target":{"@type":"EntryPoint","urlTemplate":"https:\/\/fetedulacdesnations.com\/?s={search_term_string}"},"query-input":{"@type":"PropertyValueSpecification","valueRequired":true,"valueName":"search_term_string"}}],"inLanguage":"en-US"},{"@type":"Organization","@id":"https:\/\/fetedulacdesnations.com\/#organization","name":"F\u00eate du Lac des Nations Promutuel Assurance","alternateName":"FLN","url":"https:\/\/fetedulacdesnations.com\/","logo":{"@type":"ImageObject","inLanguage":"en-US","@id":"https:\/\/fetedulacdesnations.com\/#\/schema\/logo\/image\/","url":"https:\/\/fetedulacdesnations.com\/wp-content\/uploads\/2023\/03\/logo-FLN2023-sticky.svg","contentUrl":"https:\/\/fetedulacdesnations.com\/wp-content\/uploads\/2023\/03\/logo-FLN2023-sticky.svg","width":341,"height":290,"caption":"F\u00eate du Lac des Nations Promutuel Assurance"},"image":{"@id":"https:\/\/fetedulacdesnations.com\/#\/schema\/logo\/image\/"},"sameAs":["https:\/\/www.facebook.com\/fetedulacdesnations","https:\/\/www.instagram.com\/fetedulacdesnations\/?hl=fr","https:\/\/www.linkedin.com\/company\/fetedulacdesnations\/"]},{"@type":"Person","@id":"https:\/\/fetedulacdesnations.com\/#\/schema\/person\/573cbbd1d35943a6397048df947b35d3","name":"FeteLacNations","image":{"@type":"ImageObject","inLanguage":"en-US","@id":"https:\/\/fetedulacdesnations.com\/#\/schema\/person\/image\/","url":"https:\/\/secure.gravatar.com\/avatar\/55d771a51c6d29c10763ae427e0d3f5c8355ba3d3eb0ba62a2374c5ea6256c04?s=96&d=mm&r=g","contentUrl":"https:\/\/secure.gravatar.com\/avatar\/55d771a51c6d29c10763ae427e0d3f5c8355ba3d3eb0ba62a2374c5ea6256c04?s=96&d=mm&r=g","caption":"FeteLacNations"}}]}},"_links":{"self":[{"href":"https:\/\/fetedulacdesnations.com\/en\/wp-json\/wp\/v2\/posts\/7306","targetHints":{"allow":["GET"]}}],"collection":[{"href":"https:\/\/fetedulacdesnations.com\/en\/wp-json\/wp\/v2\/posts"}],"about":[{"href":"https:\/\/fetedulacdesnations.com\/en\/wp-json\/wp\/v2\/types\/post"}],"author":[{"embeddable":true,"href":"https:\/\/fetedulacdesnations.com\/en\/wp-json\/wp\/v2\/users\/4"}],"replies":[{"embeddable":true,"href":"https:\/\/fetedulacdesnations.com\/en\/wp-json\/wp\/v2\/comments?post=7306"}],"version-history":[{"count":1,"href":"https:\/\/fetedulacdesnations.com\/en\/wp-json\/wp\/v2\/posts\/7306\/revisions"}],"predecessor-version":[{"id":7307,"href":"https:\/\/fetedulacdesnations.com\/en\/wp-json\/wp\/v2\/posts\/7306\/revisions\/7307"}],"wp:featuredmedia":[{"embeddable":true,"href":"https:\/\/fetedulacdesnations.com\/en\/wp-json\/wp\/v2\/media\/7305"}],"wp:attachment":[{"href":"https:\/\/fetedulacdesnations.com\/en\/wp-json\/wp\/v2\/media?parent=7306"}],"wp:term":[{"taxonomy":"category","embeddable":true,"href":"https:\/\/fetedulacdesnations.com\/en\/wp-json\/wp\/v2\/categories?post=7306"},{"taxonomy":"post_tag","embeddable":true,"href":"https:\/\/fetedulacdesnations.com\/en\/wp-json\/wp\/v2\/tags?post=7306"}],"curies":[{"name":"wp","href":"https:\/\/api.w.org\/{rel}","templated":true}]}}