{"id":7210,"date":"2023-08-03T10:53:58","date_gmt":"2023-08-03T14:53:58","guid":{"rendered":"https:\/\/fetedulacdesnations.com\/?p=7210"},"modified":"2024-06-24T12:45:24","modified_gmt":"2024-06-24T16:45:24","slug":"report-on-the-42nd-edition-the-fete-du-lac-des-nations-promutuel-assurance","status":"publish","type":"post","link":"https:\/\/fetedulacdesnations.com\/en\/report-on-the-42nd-edition-the-fete-du-lac-des-nations-promutuel-assurance\/","title":{"rendered":"Report on the 42nd edition of the F\u00eate du Lac des Nations Promutuel Assurance"},"content":{"rendered":"<p>Sherbrooke, Monday, July 31, 2023 &#8211; The F\u00eate du Lac des Nations Promutuel Assurance, presented by Loto-Qu\u00e9bec, is proud to present the results of its 42nd edition, held from July 18 to 23.<\/p>\n<p>Over 160,000 festival-goers attended the 6 days of festivities, despite unpredictable weather and three artist cancellations: &#8220;We&#8217;re very pleased with the turnout for this edition, which was marked by a number of changes! The organization was able to adapt to a number of situations, and successfully rose to the challenges. We&#8217;d like to thank all our collaborators, volunteers and the 160,000 festival-goers who contributed to this edition, which will be remembered for a long time to come!&#8221; says Charles Custeau, President of the event&#8217;s administrative council.<\/p>\n<p>A great team<\/p>\n<p>The F\u00eate du Lac des Nations inc. team would like to thank all the key players who contributed in one way or another to the event&#8217;s success. More than 1,500 people were involved:<\/p>\n<ul>\n<li>More than 450 artists, pyrotechnicians and entertainers<\/li>\n<li>More than 350 artisans, restaurateurs and promotional representatives<\/li>\n<li>Over 400 volunteers<\/li>\n<li>More than 240 field and contract employees<\/li>\n<li>Over 60 partners, collaborators and ambassadors<\/li>\n<\/ul>\n<p>Join us from July 16 to 21, 2024!<\/p>\n","protected":false},"excerpt":{"rendered":"<p>  [&#8230;]<\/p>\n","protected":false},"author":4,"featured_media":7207,"comment_status":"closed","ping_status":"closed","sticky":false,"template":"","format":"standard","meta":{"_acf_changed":false,"footnotes":""},"categories":[45],"tags":[],"class_list":["post-7210","post","type-post","status-publish","format-standard","has-post-thumbnail","hentry","category-communiques-en"],"acf":[],"yoast_head":"<!-- This site is optimized with the Yoast SEO plugin v27.1.1 - https:\/\/yoast.com\/product\/yoast-seo-wordpress\/ -->\n<title>Report on the 42nd edition of the F\u00eate du Lac des Nations Promutuel Assurance - F\u00eate du Lac des Nations Promutuel Assurance<\/title>\n<meta name=\"description\" content=\"Report on the 42nd edition of the F\u00eate du Lac des Nations Promutuel Assurance - Communiqu\u00e9s\" \/>\n<meta name=\"robots\" content=\"index, follow, max-snippet:-1, max-image-preview:large, max-video-preview:-1\" \/>\n<link rel=\"canonical\" href=\"https:\/\/fetedulacdesnations.com\/en\/report-on-the-42nd-edition-the-fete-du-lac-des-nations-promutuel-assurance\/\" \/>\n<meta property=\"og:locale\" content=\"en_US\" \/>\n<meta property=\"og:type\" content=\"article\" \/>\n<meta property=\"og:title\" content=\"Report on the 42nd edition of the F\u00eate du Lac des Nations Promutuel Assurance - F\u00eate du Lac des Nations Promutuel Assurance\" \/>\n<meta property=\"og:description\" content=\"Report on the 42nd edition of the F\u00eate du Lac des Nations Promutuel Assurance - Communiqu\u00e9s\" \/>\n<meta property=\"og:url\" content=\"https:\/\/fetedulacdesnations.com\/en\/report-on-the-42nd-edition-the-fete-du-lac-des-nations-promutuel-assurance\/\" \/>\n<meta property=\"og:site_name\" content=\"F\u00eate du Lac des Nations Promutuel Assurance\" \/>\n<meta property=\"article:publisher\" content=\"https:\/\/www.facebook.com\/fetedulacdesnations\" \/>\n<meta property=\"article:published_time\" content=\"2023-08-03T14:53:58+00:00\" \/>\n<meta property=\"article:modified_time\" content=\"2024-06-24T16:45:24+00:00\" \/>\n<meta property=\"og:image\" content=\"https:\/\/fetedulacdesnations.com\/wp-content\/uploads\/2023\/08\/drone1.png\" \/>\n\t<meta property=\"og:image:width\" content=\"1856\" \/>\n\t<meta property=\"og:image:height\" content=\"1030\" \/>\n\t<meta property=\"og:image:type\" content=\"image\/png\" \/>\n<meta name=\"author\" content=\"FeteLacNations\" \/>\n<meta name=\"twitter:card\" content=\"summary_large_image\" \/>\n<script type=\"application\/ld+json\" class=\"yoast-schema-graph\">{\"@context\":\"https:\/\/schema.org\",\"@graph\":[{\"@type\":\"Article\",\"@id\":\"https:\/\/fetedulacdesnations.com\/en\/report-on-the-42nd-edition-the-fete-du-lac-des-nations-promutuel-assurance\/#article\",\"isPartOf\":{\"@id\":\"https:\/\/fetedulacdesnations.com\/en\/report-on-the-42nd-edition-the-fete-du-lac-des-nations-promutuel-assurance\/\"},\"author\":{\"name\":\"FeteLacNations\",\"@id\":\"https:\/\/fetedulacdesnations.com\/#\/schema\/person\/573cbbd1d35943a6397048df947b35d3\"},\"headline\":\"Report on the 42nd edition of the F\u00eate du Lac des Nations Promutuel Assurance\",\"datePublished\":\"2023-08-03T14:53:58+00:00\",\"dateModified\":\"2024-06-24T16:45:24+00:00\",\"mainEntityOfPage\":{\"@id\":\"https:\/\/fetedulacdesnations.com\/en\/report-on-the-42nd-edition-the-fete-du-lac-des-nations-promutuel-assurance\/\"},\"wordCount\":200,\"publisher\":{\"@id\":\"https:\/\/fetedulacdesnations.com\/#organization\"},\"image\":{\"@id\":\"https:\/\/fetedulacdesnations.com\/en\/report-on-the-42nd-edition-the-fete-du-lac-des-nations-promutuel-assurance\/#primaryimage\"},\"thumbnailUrl\":\"https:\/\/fetedulacdesnations.com\/wp-content\/uploads\/2023\/08\/drone1.png\",\"articleSection\":[\"Communiqu\u00e9s\"],\"inLanguage\":\"en-US\"},{\"@type\":\"WebPage\",\"@id\":\"https:\/\/fetedulacdesnations.com\/en\/report-on-the-42nd-edition-the-fete-du-lac-des-nations-promutuel-assurance\/\",\"url\":\"https:\/\/fetedulacdesnations.com\/en\/report-on-the-42nd-edition-the-fete-du-lac-des-nations-promutuel-assurance\/\",\"name\":\"Report on the 42nd edition of the F\u00eate du Lac des Nations Promutuel Assurance - F\u00eate du Lac des Nations Promutuel Assurance\",\"isPartOf\":{\"@id\":\"https:\/\/fetedulacdesnations.com\/#website\"},\"primaryImageOfPage\":{\"@id\":\"https:\/\/fetedulacdesnations.com\/en\/report-on-the-42nd-edition-the-fete-du-lac-des-nations-promutuel-assurance\/#primaryimage\"},\"image\":{\"@id\":\"https:\/\/fetedulacdesnations.com\/en\/report-on-the-42nd-edition-the-fete-du-lac-des-nations-promutuel-assurance\/#primaryimage\"},\"thumbnailUrl\":\"https:\/\/fetedulacdesnations.com\/wp-content\/uploads\/2023\/08\/drone1.png\",\"datePublished\":\"2023-08-03T14:53:58+00:00\",\"dateModified\":\"2024-06-24T16:45:24+00:00\",\"description\":\"Report on the 42nd edition of the F\u00eate du Lac des Nations Promutuel Assurance - Communiqu\u00e9s\",\"breadcrumb\":{\"@id\":\"https:\/\/fetedulacdesnations.com\/en\/report-on-the-42nd-edition-the-fete-du-lac-des-nations-promutuel-assurance\/#breadcrumb\"},\"inLanguage\":\"en-US\",\"potentialAction\":[{\"@type\":\"ReadAction\",\"target\":[\"https:\/\/fetedulacdesnations.com\/en\/report-on-the-42nd-edition-the-fete-du-lac-des-nations-promutuel-assurance\/\"]}]},{\"@type\":\"ImageObject\",\"inLanguage\":\"en-US\",\"@id\":\"https:\/\/fetedulacdesnations.com\/en\/report-on-the-42nd-edition-the-fete-du-lac-des-nations-promutuel-assurance\/#primaryimage\",\"url\":\"https:\/\/fetedulacdesnations.com\/wp-content\/uploads\/2023\/08\/drone1.png\",\"contentUrl\":\"https:\/\/fetedulacdesnations.com\/wp-content\/uploads\/2023\/08\/drone1.png\",\"width\":1856,\"height\":1030},{\"@type\":\"BreadcrumbList\",\"@id\":\"https:\/\/fetedulacdesnations.com\/en\/report-on-the-42nd-edition-the-fete-du-lac-des-nations-promutuel-assurance\/#breadcrumb\",\"itemListElement\":[{\"@type\":\"ListItem\",\"position\":1,\"name\":\"Accueil\",\"item\":\"https:\/\/fetedulacdesnations.com\/en\/la-fete-du-lac-des-nations-promutuel-assurance-festival-de-musique-et-de-feux-dartifice-a-sherbrooke\/\"},{\"@type\":\"ListItem\",\"position\":2,\"name\":\"Report on the 42nd edition of the F\u00eate du Lac des Nations Promutuel Assurance\"}]},{\"@type\":\"WebSite\",\"@id\":\"https:\/\/fetedulacdesnations.com\/#website\",\"url\":\"https:\/\/fetedulacdesnations.com\/\",\"name\":\"F\u00eate du Lac des Nations Promutuel Assurance\",\"description\":\"Festival de musique et feux d&#039;artifices \u00e0 Sherbrooke, en Estrie\",\"publisher\":{\"@id\":\"https:\/\/fetedulacdesnations.com\/#organization\"},\"alternateName\":\"FLN\",\"potentialAction\":[{\"@type\":\"SearchAction\",\"target\":{\"@type\":\"EntryPoint\",\"urlTemplate\":\"https:\/\/fetedulacdesnations.com\/?s={search_term_string}\"},\"query-input\":{\"@type\":\"PropertyValueSpecification\",\"valueRequired\":true,\"valueName\":\"search_term_string\"}}],\"inLanguage\":\"en-US\"},{\"@type\":\"Organization\",\"@id\":\"https:\/\/fetedulacdesnations.com\/#organization\",\"name\":\"F\u00eate du Lac des Nations Promutuel Assurance\",\"alternateName\":\"FLN\",\"url\":\"https:\/\/fetedulacdesnations.com\/\",\"logo\":{\"@type\":\"ImageObject\",\"inLanguage\":\"en-US\",\"@id\":\"https:\/\/fetedulacdesnations.com\/#\/schema\/logo\/image\/\",\"url\":\"https:\/\/fetedulacdesnations.com\/wp-content\/uploads\/2023\/03\/logo-FLN2023-sticky.svg\",\"contentUrl\":\"https:\/\/fetedulacdesnations.com\/wp-content\/uploads\/2023\/03\/logo-FLN2023-sticky.svg\",\"width\":341,\"height\":290,\"caption\":\"F\u00eate du Lac des Nations Promutuel Assurance\"},\"image\":{\"@id\":\"https:\/\/fetedulacdesnations.com\/#\/schema\/logo\/image\/\"},\"sameAs\":[\"https:\/\/www.facebook.com\/fetedulacdesnations\",\"https:\/\/www.instagram.com\/fetedulacdesnations\/?hl=fr\",\"https:\/\/www.linkedin.com\/company\/fetedulacdesnations\/\"]},{\"@type\":\"Person\",\"@id\":\"https:\/\/fetedulacdesnations.com\/#\/schema\/person\/573cbbd1d35943a6397048df947b35d3\",\"name\":\"FeteLacNations\",\"image\":{\"@type\":\"ImageObject\",\"inLanguage\":\"en-US\",\"@id\":\"https:\/\/fetedulacdesnations.com\/#\/schema\/person\/image\/\",\"url\":\"https:\/\/secure.gravatar.com\/avatar\/55d771a51c6d29c10763ae427e0d3f5c8355ba3d3eb0ba62a2374c5ea6256c04?s=96&d=mm&r=g\",\"contentUrl\":\"https:\/\/secure.gravatar.com\/avatar\/55d771a51c6d29c10763ae427e0d3f5c8355ba3d3eb0ba62a2374c5ea6256c04?s=96&d=mm&r=g\",\"caption\":\"FeteLacNations\"}}]}<\/script>\n<!-- \/ Yoast SEO plugin. -->","yoast_head_json":{"title":"Report on the 42nd edition of the F\u00eate du Lac des Nations Promutuel Assurance - F\u00eate du Lac des Nations Promutuel Assurance","description":"Report on the 42nd edition of the F\u00eate du Lac des Nations Promutuel Assurance - Communiqu\u00e9s","robots":{"index":"index","follow":"follow","max-snippet":"max-snippet:-1","max-image-preview":"max-image-preview:large","max-video-preview":"max-video-preview:-1"},"canonical":"https:\/\/fetedulacdesnations.com\/en\/report-on-the-42nd-edition-the-fete-du-lac-des-nations-promutuel-assurance\/","og_locale":"en_US","og_type":"article","og_title":"Report on the 42nd edition of the F\u00eate du Lac des Nations Promutuel Assurance - F\u00eate du Lac des Nations Promutuel Assurance","og_description":"Report on the 42nd edition of the F\u00eate du Lac des Nations Promutuel Assurance - Communiqu\u00e9s","og_url":"https:\/\/fetedulacdesnations.com\/en\/report-on-the-42nd-edition-the-fete-du-lac-des-nations-promutuel-assurance\/","og_site_name":"F\u00eate du Lac des Nations Promutuel Assurance","article_publisher":"https:\/\/www.facebook.com\/fetedulacdesnations","article_published_time":"2023-08-03T14:53:58+00:00","article_modified_time":"2024-06-24T16:45:24+00:00","og_image":[{"width":1856,"height":1030,"url":"https:\/\/fetedulacdesnations.com\/wp-content\/uploads\/2023\/08\/drone1.png","type":"image\/png"}],"author":"FeteLacNations","twitter_card":"summary_large_image","schema":{"@context":"https:\/\/schema.org","@graph":[{"@type":"Article","@id":"https:\/\/fetedulacdesnations.com\/en\/report-on-the-42nd-edition-the-fete-du-lac-des-nations-promutuel-assurance\/#article","isPartOf":{"@id":"https:\/\/fetedulacdesnations.com\/en\/report-on-the-42nd-edition-the-fete-du-lac-des-nations-promutuel-assurance\/"},"author":{"name":"FeteLacNations","@id":"https:\/\/fetedulacdesnations.com\/#\/schema\/person\/573cbbd1d35943a6397048df947b35d3"},"headline":"Report on the 42nd edition of the F\u00eate du Lac des Nations Promutuel Assurance","datePublished":"2023-08-03T14:53:58+00:00","dateModified":"2024-06-24T16:45:24+00:00","mainEntityOfPage":{"@id":"https:\/\/fetedulacdesnations.com\/en\/report-on-the-42nd-edition-the-fete-du-lac-des-nations-promutuel-assurance\/"},"wordCount":200,"publisher":{"@id":"https:\/\/fetedulacdesnations.com\/#organization"},"image":{"@id":"https:\/\/fetedulacdesnations.com\/en\/report-on-the-42nd-edition-the-fete-du-lac-des-nations-promutuel-assurance\/#primaryimage"},"thumbnailUrl":"https:\/\/fetedulacdesnations.com\/wp-content\/uploads\/2023\/08\/drone1.png","articleSection":["Communiqu\u00e9s"],"inLanguage":"en-US"},{"@type":"WebPage","@id":"https:\/\/fetedulacdesnations.com\/en\/report-on-the-42nd-edition-the-fete-du-lac-des-nations-promutuel-assurance\/","url":"https:\/\/fetedulacdesnations.com\/en\/report-on-the-42nd-edition-the-fete-du-lac-des-nations-promutuel-assurance\/","name":"Report on the 42nd edition of the F\u00eate du Lac des Nations Promutuel Assurance - F\u00eate du Lac des Nations Promutuel Assurance","isPartOf":{"@id":"https:\/\/fetedulacdesnations.com\/#website"},"primaryImageOfPage":{"@id":"https:\/\/fetedulacdesnations.com\/en\/report-on-the-42nd-edition-the-fete-du-lac-des-nations-promutuel-assurance\/#primaryimage"},"image":{"@id":"https:\/\/fetedulacdesnations.com\/en\/report-on-the-42nd-edition-the-fete-du-lac-des-nations-promutuel-assurance\/#primaryimage"},"thumbnailUrl":"https:\/\/fetedulacdesnations.com\/wp-content\/uploads\/2023\/08\/drone1.png","datePublished":"2023-08-03T14:53:58+00:00","dateModified":"2024-06-24T16:45:24+00:00","description":"Report on the 42nd edition of the F\u00eate du Lac des Nations Promutuel Assurance - Communiqu\u00e9s","breadcrumb":{"@id":"https:\/\/fetedulacdesnations.com\/en\/report-on-the-42nd-edition-the-fete-du-lac-des-nations-promutuel-assurance\/#breadcrumb"},"inLanguage":"en-US","potentialAction":[{"@type":"ReadAction","target":["https:\/\/fetedulacdesnations.com\/en\/report-on-the-42nd-edition-the-fete-du-lac-des-nations-promutuel-assurance\/"]}]},{"@type":"ImageObject","inLanguage":"en-US","@id":"https:\/\/fetedulacdesnations.com\/en\/report-on-the-42nd-edition-the-fete-du-lac-des-nations-promutuel-assurance\/#primaryimage","url":"https:\/\/fetedulacdesnations.com\/wp-content\/uploads\/2023\/08\/drone1.png","contentUrl":"https:\/\/fetedulacdesnations.com\/wp-content\/uploads\/2023\/08\/drone1.png","width":1856,"height":1030},{"@type":"BreadcrumbList","@id":"https:\/\/fetedulacdesnations.com\/en\/report-on-the-42nd-edition-the-fete-du-lac-des-nations-promutuel-assurance\/#breadcrumb","itemListElement":[{"@type":"ListItem","position":1,"name":"Accueil","item":"https:\/\/fetedulacdesnations.com\/en\/la-fete-du-lac-des-nations-promutuel-assurance-festival-de-musique-et-de-feux-dartifice-a-sherbrooke\/"},{"@type":"ListItem","position":2,"name":"Report on the 42nd edition of the F\u00eate du Lac des Nations Promutuel Assurance"}]},{"@type":"WebSite","@id":"https:\/\/fetedulacdesnations.com\/#website","url":"https:\/\/fetedulacdesnations.com\/","name":"F\u00eate du Lac des Nations Promutuel Assurance","description":"Festival de musique et feux d&#039;artifices \u00e0 Sherbrooke, en Estrie","publisher":{"@id":"https:\/\/fetedulacdesnations.com\/#organization"},"alternateName":"FLN","potentialAction":[{"@type":"SearchAction","target":{"@type":"EntryPoint","urlTemplate":"https:\/\/fetedulacdesnations.com\/?s={search_term_string}"},"query-input":{"@type":"PropertyValueSpecification","valueRequired":true,"valueName":"search_term_string"}}],"inLanguage":"en-US"},{"@type":"Organization","@id":"https:\/\/fetedulacdesnations.com\/#organization","name":"F\u00eate du Lac des Nations Promutuel Assurance","alternateName":"FLN","url":"https:\/\/fetedulacdesnations.com\/","logo":{"@type":"ImageObject","inLanguage":"en-US","@id":"https:\/\/fetedulacdesnations.com\/#\/schema\/logo\/image\/","url":"https:\/\/fetedulacdesnations.com\/wp-content\/uploads\/2023\/03\/logo-FLN2023-sticky.svg","contentUrl":"https:\/\/fetedulacdesnations.com\/wp-content\/uploads\/2023\/03\/logo-FLN2023-sticky.svg","width":341,"height":290,"caption":"F\u00eate du Lac des Nations Promutuel Assurance"},"image":{"@id":"https:\/\/fetedulacdesnations.com\/#\/schema\/logo\/image\/"},"sameAs":["https:\/\/www.facebook.com\/fetedulacdesnations","https:\/\/www.instagram.com\/fetedulacdesnations\/?hl=fr","https:\/\/www.linkedin.com\/company\/fetedulacdesnations\/"]},{"@type":"Person","@id":"https:\/\/fetedulacdesnations.com\/#\/schema\/person\/573cbbd1d35943a6397048df947b35d3","name":"FeteLacNations","image":{"@type":"ImageObject","inLanguage":"en-US","@id":"https:\/\/fetedulacdesnations.com\/#\/schema\/person\/image\/","url":"https:\/\/secure.gravatar.com\/avatar\/55d771a51c6d29c10763ae427e0d3f5c8355ba3d3eb0ba62a2374c5ea6256c04?s=96&d=mm&r=g","contentUrl":"https:\/\/secure.gravatar.com\/avatar\/55d771a51c6d29c10763ae427e0d3f5c8355ba3d3eb0ba62a2374c5ea6256c04?s=96&d=mm&r=g","caption":"FeteLacNations"}}]}},"_links":{"self":[{"href":"https:\/\/fetedulacdesnations.com\/en\/wp-json\/wp\/v2\/posts\/7210","targetHints":{"allow":["GET"]}}],"collection":[{"href":"https:\/\/fetedulacdesnations.com\/en\/wp-json\/wp\/v2\/posts"}],"about":[{"href":"https:\/\/fetedulacdesnations.com\/en\/wp-json\/wp\/v2\/types\/post"}],"author":[{"embeddable":true,"href":"https:\/\/fetedulacdesnations.com\/en\/wp-json\/wp\/v2\/users\/4"}],"replies":[{"embeddable":true,"href":"https:\/\/fetedulacdesnations.com\/en\/wp-json\/wp\/v2\/comments?post=7210"}],"version-history":[{"count":2,"href":"https:\/\/fetedulacdesnations.com\/en\/wp-json\/wp\/v2\/posts\/7210\/revisions"}],"predecessor-version":[{"id":8315,"href":"https:\/\/fetedulacdesnations.com\/en\/wp-json\/wp\/v2\/posts\/7210\/revisions\/8315"}],"wp:featuredmedia":[{"embeddable":true,"href":"https:\/\/fetedulacdesnations.com\/en\/wp-json\/wp\/v2\/media\/7207"}],"wp:attachment":[{"href":"https:\/\/fetedulacdesnations.com\/en\/wp-json\/wp\/v2\/media?parent=7210"}],"wp:term":[{"taxonomy":"category","embeddable":true,"href":"https:\/\/fetedulacdesnations.com\/en\/wp-json\/wp\/v2\/categories?post=7210"},{"taxonomy":"post_tag","embeddable":true,"href":"https:\/\/fetedulacdesnations.com\/en\/wp-json\/wp\/v2\/tags?post=7210"}],"curies":[{"name":"wp","href":"https:\/\/api.w.org\/{rel}","templated":true}]}}